{"id":678,"date":"2025-09-23T14:42:36","date_gmt":"2025-09-23T14:42:36","guid":{"rendered":"https:\/\/www.scheibmaier.at\/?p=678"},"modified":"2026-09-02T11:20:32","modified_gmt":"2026-09-02T11:20:32","slug":"zum-glueck-geht-wednesday-trotz-sinkender-quoten-in-die-3-staffel","status":"publish","type":"post","link":"https:\/\/www.scheibmaier.at\/?p=678","title":{"rendered":"Zum Gl\u00fcck geht Wednesday trotz sinkender Quoten in die 3. Staffel"},"content":{"rendered":"<p>Es gibt Serien, die begleiten einen wie ein Schatten. Sprichw\u00f6rtlich, haha. Wednesday geh\u00f6rt f\u00fcr mich genau dazu. Ich hab die zweite Staffel in einem Rutsch gesehen und obwohl Netflix mit seiner fragw\u00fcrdigen Ver\u00f6ffentlichungspolitik viel Spannung gekillt hat (<a href=\"https:\/\/screenrant.com\/wednesday-season-2-part-2-viewership-drop-report\/\" target=\"_blank\">wo auch die Zuschauerzahlen gelitten haben<\/a>), war das Gesamterlebnis intensiver, als ich es erwartet h\u00e4tte. Aber ja, ich habe halt gewartet, bis die ganze Staffel 2 verf\u00fcgbar war und dann in 2 Tagen durchgeschaut.<\/p>\n<p>Die Figurenvielfalt beeindruckt mich nach wie vor. Jede und jeder bekommt Raum, sich zu entfalten. Wednesday mit ihren schwarzen Tr\u00e4nen und d\u00fcsteren Visionen, Pugsley mit seinen neuen Kr\u00e4ften, und Enid, die endg\u00fcltig ihren Platz als Alpha-Werwolf findet. Es ist, als ob die Serie bewusst darauf achtet, dass niemand in den Schatten gedr\u00e4ngt wird.<\/p>\n<p>Besonders stark fand ich die Enth\u00fcllungen um Principal Barry Dort. Ein Hochstapler, ein Sektenf\u00fchrer, und am Ende wortw\u00f6rtlich in Stein verwandelt. Das war so absurd und gleichzeitig folgerichtig. Und dann dieses Familiengeheimnis. Gomez, Morticia, ihre Schuld von fr\u00fcher, die sich bis in die Gegenwart zieht. Man sp\u00fcrt, dass die Vergangenheit in dieser Serie nicht einfach nur Dekoration ist, sondern wirklich Gewicht hat.<\/p>\n<p>Der Cliffhanger am Ende der Staffel 2 mit Aunt Ophelia hat mich schlie\u00dflich kalt erwischt. Die Worte &#8222;Wednesday Must Die&#8220; haben eine Wucht, die lange nachhallt. Warum hat sie so einen Hass auf sie? Boah. Ich hoffe wir m\u00fcssen nicht wieder 3 Jahre warten, bis wir das herausfinden. Bis dahin ist <a href=\"https:\/\/www.instagram.com\/isaac0rdonez\/?hl=de\" target=\"_blank\">Isaac Ordonez<\/a>, der Schauspieler, der Pugsley spielt, dann schon erwachsen. Also ranhalten, Netflix! haha. Es ist dieser Mix aus bizarrer Komik und tiefem Ernst, der mich so fesselt.<\/p>\n<p>Dass es trotz sinkender Quoten eine dritte Staffel geben wird, macht mich ehrlich erleichtert. Manche Geschichten verdienen es einfach, weitererz\u00e4hlt zu werden.<\/p>\n","protected":false},"excerpt":{"rendered":"<p>Es gibt Serien, die begleiten einen wie ein Schatten. Sprichw\u00f6rtlich, haha. Wednesday geh\u00f6rt f\u00fcr mich genau dazu. Ich hab die zweite Staffel in einem Rutsch gesehen und obwohl Netflix mit seiner fragw\u00fcrdigen Ver\u00f6ffentlichungspolitik viel Spannung gekillt hat (wo auch die Zuschauerzahlen gelitten haben), war das Gesamterlebnis intensiver, als ich es erwartet h\u00e4tte. Aber ja, ich [&hellip;]<\/p>\n","protected":false},"author":1,"featured_media":0,"comment_status":"open","ping_status":"open","sticky":false,"template":"","format":"standard","meta":{"footnotes":""},"categories":[3],"tags":[],"class_list":["post-678","post","type-post","status-publish","format-standard","hentry","category-filme-und-fernsehen"],"_links":{"self":[{"href":"https:\/\/www.scheibmaier.at\/index.php?rest_route=\/wp\/v2\/posts\/678","targetHints":{"allow":["GET"]}}],"collection":[{"href":"https:\/\/www.scheibmaier.at\/index.php?rest_route=\/wp\/v2\/posts"}],"about":[{"href":"https:\/\/www.scheibmaier.at\/index.php?rest_route=\/wp\/v2\/types\/post"}],"author":[{"embeddable":true,"href":"https:\/\/www.scheibmaier.at\/index.php?rest_route=\/wp\/v2\/users\/1"}],"replies":[{"embeddable":true,"href":"https:\/\/www.scheibmaier.at\/index.php?rest_route=%2Fwp%2Fv2%2Fcomments&post=678"}],"version-history":[{"count":1,"href":"https:\/\/www.scheibmaier.at\/index.php?rest_route=\/wp\/v2\/posts\/678\/revisions"}],"predecessor-version":[{"id":679,"href":"https:\/\/www.scheibmaier.at\/index.php?rest_route=\/wp\/v2\/posts\/678\/revisions\/679"}],"wp:attachment":[{"href":"https:\/\/www.scheibmaier.at\/index.php?rest_route=%2Fwp%2Fv2%2Fmedia&parent=678"}],"wp:term":[{"taxonomy":"category","embeddable":true,"href":"https:\/\/www.scheibmaier.at\/index.php?rest_route=%2Fwp%2Fv2%2Fcategories&post=678"},{"taxonomy":"post_tag","embeddable":true,"href":"https:\/\/www.scheibmaier.at\/index.php?rest_route=%2Fwp%2Fv2%2Ftags&post=678"}],"curies":[{"name":"wp","href":"https:\/\/api.w.org\/{rel}","templated":true}]}}