{"id":664,"date":"2021-11-27T22:02:41","date_gmt":"2021-11-27T22:02:41","guid":{"rendered":"https:\/\/www.scheibmaier.at\/?p=664"},"modified":"2026-09-02T11:13:26","modified_gmt":"2026-09-02T11:13:26","slug":"jan-boehmermann-zerlegt-die-gruenen","status":"publish","type":"post","link":"https:\/\/www.scheibmaier.at\/?p=664","title":{"rendered":"Jan B\u00f6hmermann zerlegt die Gr\u00fcnen"},"content":{"rendered":"<p>Karriere vorbei, wenn man ins Visier von Jan B\u00f6hmermann kommt. So sehe ich das. Der deutsche Satiriker und Journalist weiss, wo es weh tut und legt seine Fingerchen mit viel Salz in die Wunde. So, dass es wirklich weh tut. Diesmal hat sich B\u00f6hmermann die gr\u00fcne Partei vorgenommen, die nun in einer Ampelkoaltion wieder im Bundestag reagieren wird. Dabei zeigt Jan B\u00f6hmermann auf, wie politisch &#8222;flexibel&#8220; die Partei ist, wenn es darum geht, mitregieren zu k\u00f6nnen \ud83d\ude1b<\/p>\n<blockquote><p>&#8222;Gestern noch im Bundestag an Pullovern gestrickt, heute an der Karrierestrickleiter. Kompromisse muss man eingehen, wenn man regieren will, dann klappt das auch mit der Ampel-Koalition. Oder, liebe Gr\u00fcne? Zum Gl\u00fcck hat die gr\u00fcne Hoffnung gegen den Klimawandel noch echte Ideale, die man verraten kann.&#8220;<\/p><\/blockquote>\n<p><iframe loading=\"lazy\" title=\"Die Gr\u00fcnen: Mit Kompromissen an die Macht | ZDF Magazin Royale\" width=\"670\" height=\"377\" src=\"https:\/\/www.youtube.com\/embed\/TKrUBXO1J_0?feature=oembed\" frameborder=\"0\" allow=\"accelerometer; autoplay; clipboard-write; encrypted-media; gyroscope; picture-in-picture; web-share\" referrerpolicy=\"strict-origin-when-cross-origin\" allowfullscreen><\/iframe><\/p>\n<p>Unw\u00e4hlbar, diese Partei. Kein R\u00fcckgrat. Keine eigene Meinung. Hauptsache man bekommt seinen Platz am Tisch der Macht. Dieses Video sollte bitte vor der nexten Bundestagswahl nochmal gezeigt werden. Vielleicht einfach Youtube Ads auf das Video vom ZDF Magazin Royal schalten, damit die gr\u00fcnen W\u00e4hler in 4 Jahren an das hier erinnert werden.<\/p>\n","protected":false},"excerpt":{"rendered":"<p>Karriere vorbei, wenn man ins Visier von Jan B\u00f6hmermann kommt. So sehe ich das. Der deutsche Satiriker und Journalist weiss, wo es weh tut und legt seine Fingerchen mit viel Salz in die Wunde. So, dass es wirklich weh tut. Diesmal hat sich B\u00f6hmermann die gr\u00fcne Partei vorgenommen, die nun in einer Ampelkoaltion wieder im [&hellip;]<\/p>\n","protected":false},"author":1,"featured_media":0,"comment_status":"open","ping_status":"open","sticky":false,"template":"","format":"standard","meta":{"footnotes":""},"categories":[7],"tags":[],"class_list":["post-664","post","type-post","status-publish","format-standard","hentry","category-netzvideos"],"_links":{"self":[{"href":"https:\/\/www.scheibmaier.at\/index.php?rest_route=\/wp\/v2\/posts\/664","targetHints":{"allow":["GET"]}}],"collection":[{"href":"https:\/\/www.scheibmaier.at\/index.php?rest_route=\/wp\/v2\/posts"}],"about":[{"href":"https:\/\/www.scheibmaier.at\/index.php?rest_route=\/wp\/v2\/types\/post"}],"author":[{"embeddable":true,"href":"https:\/\/www.scheibmaier.at\/index.php?rest_route=\/wp\/v2\/users\/1"}],"replies":[{"embeddable":true,"href":"https:\/\/www.scheibmaier.at\/index.php?rest_route=%2Fwp%2Fv2%2Fcomments&post=664"}],"version-history":[{"count":1,"href":"https:\/\/www.scheibmaier.at\/index.php?rest_route=\/wp\/v2\/posts\/664\/revisions"}],"predecessor-version":[{"id":665,"href":"https:\/\/www.scheibmaier.at\/index.php?rest_route=\/wp\/v2\/posts\/664\/revisions\/665"}],"wp:attachment":[{"href":"https:\/\/www.scheibmaier.at\/index.php?rest_route=%2Fwp%2Fv2%2Fmedia&parent=664"}],"wp:term":[{"taxonomy":"category","embeddable":true,"href":"https:\/\/www.scheibmaier.at\/index.php?rest_route=%2Fwp%2Fv2%2Fcategories&post=664"},{"taxonomy":"post_tag","embeddable":true,"href":"https:\/\/www.scheibmaier.at\/index.php?rest_route=%2Fwp%2Fv2%2Ftags&post=664"}],"curies":[{"name":"wp","href":"https:\/\/api.w.org\/{rel}","templated":true}]}}