{"id":636,"date":"2018-05-28T14:25:12","date_gmt":"2018-05-28T14:25:12","guid":{"rendered":"http:\/\/www.scheibmaier.at\/?p=636"},"modified":"2020-02-18T10:36:24","modified_gmt":"2020-02-18T10:36:24","slug":"omg-diese-levis-511-slim-fit-wird-fix-gekauft","status":"publish","type":"post","link":"http:\/\/www.scheibmaier.at\/?p=636","title":{"rendered":"OMG! Diese Levi&#8217;s 511 Slim Fit wird FIX gekauft!"},"content":{"rendered":"<blockquote class=\"instagram-media\" data-instgrm-captioned data-instgrm-permalink=\"https:\/\/www.instagram.com\/p\/BJdcQBLgmI1\/\" data-instgrm-version=\"8\" style=\" background:#FFF; border:0; border-radius:3px; box-shadow:0 0 1px 0 rgba(0,0,0,0.5),0 1px 10px 0 rgba(0,0,0,0.15); margin: 1px; max-width:658px; padding:0; width:99.375%; width:-webkit-calc(100% - 2px); width:calc(100% - 2px);\">\n<div style=\"padding:8px;\">\n<div style=\" background:#F8F8F8; line-height:0; margin-top:40px; padding:62.4537037037037% 0; text-align:center; width:100%;\">\n<div style=\" background:url(data:image\/png;base64,iVBORw0KGgoAAAANSUhEUgAAACwAAAAsCAMAAAApWqozAAAABGdBTUEAALGPC\/xhBQAAAAFzUkdCAK7OHOkAAAAMUExURczMzPf399fX1+bm5mzY9AMAAADiSURBVDjLvZXbEsMgCES5\/P8\/t9FuRVCRmU73JWlzosgSIIZURCjo\/ad+EQJJB4Hv8BFt+IDpQoCx1wjOSBFhh2XssxEIYn3ulI\/6MNReE07UIWJEv8UEOWDS88LY97kqyTliJKKtuYBbruAyVh5wOHiXmpi5we58Ek028czwyuQdLKPG1Bkb4NnM+VeAnfHqn1k4+GPT6uGQcvu2h2OVuIf\/gWUFyy8OWEpdyZSa3aVCqpVoVvzZZ2VTnn2wU8qzVjDDetO90GSy9mVLqtgYSy231MxrY6I2gGqjrTY0L8fxCxfCBbhWrsYYAAAAAElFTkSuQmCC); display:block; height:44px; margin:0 auto -44px; position:relative; top:-22px; width:44px;\"><\/div>\n<\/div>\n<p style=\" margin:8px 0 0 0; padding:0 4px;\"> <a href=\"https:\/\/www.instagram.com\/p\/BJdcQBLgmI1\/\" style=\" color:#000; font-family:Arial,sans-serif; font-size:14px; font-style:normal; font-weight:normal; line-height:17px; text-decoration:none; word-wrap:break-word;\" target=\"_blank\" rel=\"noopener noreferrer\">Unsere vielseitigste M\u00e4nner Jeans: Klickt auf das Bild, um zu sehen wie wir die #511 Slim stylen. &#x1f499; #LiveInLevis<\/a><\/p>\n<p style=\" color:#c9c8cd; font-family:Arial,sans-serif; font-size:14px; line-height:17px; margin-bottom:0; margin-top:8px; overflow:hidden; padding:8px 0 7px; text-align:center; text-overflow:ellipsis; white-space:nowrap;\">Ein Beitrag geteilt von <a href=\"https:\/\/www.instagram.com\/levis_germany\/\" style=\" color:#c9c8cd; font-family:Arial,sans-serif; font-size:14px; font-style:normal; font-weight:normal; line-height:17px;\" target=\"_blank\" rel=\"noopener noreferrer\"> Levi&#39;s Germany<\/a> (@levis_germany) am <time style=\" font-family:Arial,sans-serif; font-size:14px; line-height:17px;\" datetime=\"2016-08-23T17:43:37+00:00\">Aug 23, 2016 um 10:43 PDT<\/time><\/p>\n<\/div>\n<\/blockquote>\n<p> <script async defer src=\"\/\/www.instagram.com\/embed.js\"><\/script><\/p>\n<p>Gerade auf <a href=\"https:\/\/jeans-blog.eu\/slim-fit-jeans-fuer-herren\/\" rel=\"noopener noreferrer\" target=\"_blank\">Jeans-Blog.eu<\/a> gefunden, die eine \u00dcbersicht \u00fcber aktuelle Slim Fit Jeans f\u00fcr M\u00e4nner rausgebracht haben. Und nach einer kurzen Recherche das selbe Modell in meiner Lieblingsfarbe f\u00fcr knapp 80 Euro (inkl. Versandkosten) <a href=\"https:\/\/www.jeans-meile.de\/herren\/jeans\/levis\/511-slim\" rel=\"noopener noreferrer\" target=\"_blank\">bei Jeans-Meile.de gefunden<\/a>! Das ist wirklich extrem g\u00fcnstig, wo anders werden die selben Jeans f\u00fcr mehr angeboten! Also, ein kleiner Impulskauf am heutigen Montag \ud83d\ude00 Ich konnte einfach nicht anders, weiss nicht ob das perfekt von Levi&#8217;s in Szene gesetze Foto daf\u00fcr verantwortlich war oder der Preis im Online Shop von Jeans Meile. Anyway, die Jeans sind am Weg zu mir und ich freu mich schon wie ein Schnitzel! Denn schnittige Slim Jeans haben mir in meinem Kleiderschrank noch gefehlt!<\/p>\n","protected":false},"excerpt":{"rendered":"<p>Unsere vielseitigste M\u00e4nner Jeans: Klickt auf das Bild, um zu sehen wie wir die #511 Slim stylen. &#x1f499; #LiveInLevis Ein Beitrag geteilt von Levi&#39;s Germany (@levis_germany) am Aug 23, 2016 um 10:43 PDT Gerade auf Jeans-Blog.eu gefunden, die eine \u00dcbersicht \u00fcber aktuelle Slim Fit Jeans f\u00fcr M\u00e4nner rausgebracht haben. Und nach einer kurzen Recherche das [&hellip;]<\/p>\n","protected":false},"author":1,"featured_media":0,"comment_status":"open","ping_status":"open","sticky":false,"template":"","format":"standard","meta":{"footnotes":""},"categories":[1,6],"tags":[],"class_list":["post-636","post","type-post","status-publish","format-standard","hentry","category-allgemein","category-privates"],"_links":{"self":[{"href":"http:\/\/www.scheibmaier.at\/index.php?rest_route=\/wp\/v2\/posts\/636","targetHints":{"allow":["GET"]}}],"collection":[{"href":"http:\/\/www.scheibmaier.at\/index.php?rest_route=\/wp\/v2\/posts"}],"about":[{"href":"http:\/\/www.scheibmaier.at\/index.php?rest_route=\/wp\/v2\/types\/post"}],"author":[{"embeddable":true,"href":"http:\/\/www.scheibmaier.at\/index.php?rest_route=\/wp\/v2\/users\/1"}],"replies":[{"embeddable":true,"href":"http:\/\/www.scheibmaier.at\/index.php?rest_route=%2Fwp%2Fv2%2Fcomments&post=636"}],"version-history":[{"count":2,"href":"http:\/\/www.scheibmaier.at\/index.php?rest_route=\/wp\/v2\/posts\/636\/revisions"}],"predecessor-version":[{"id":657,"href":"http:\/\/www.scheibmaier.at\/index.php?rest_route=\/wp\/v2\/posts\/636\/revisions\/657"}],"wp:attachment":[{"href":"http:\/\/www.scheibmaier.at\/index.php?rest_route=%2Fwp%2Fv2%2Fmedia&parent=636"}],"wp:term":[{"taxonomy":"category","embeddable":true,"href":"http:\/\/www.scheibmaier.at\/index.php?rest_route=%2Fwp%2Fv2%2Fcategories&post=636"},{"taxonomy":"post_tag","embeddable":true,"href":"http:\/\/www.scheibmaier.at\/index.php?rest_route=%2Fwp%2Fv2%2Ftags&post=636"}],"curies":[{"name":"wp","href":"https:\/\/api.w.org\/{rel}","templated":true}]}}