{"id":602,"date":"2017-10-23T08:44:04","date_gmt":"2017-10-23T08:44:04","guid":{"rendered":"http:\/\/www.scheibmaier.at\/?p=602"},"modified":"2017-10-23T08:44:04","modified_gmt":"2017-10-23T08:44:04","slug":"shoppen-shoppen-und-shoppen-im-designer-outlet-parndorf","status":"publish","type":"post","link":"http:\/\/www.scheibmaier.at\/?p=602","title":{"rendered":"Shoppen, Shoppen und Shoppen im Designer Outlet Parndorf"},"content":{"rendered":"<p>Alle zwei Jahre mal verschl\u00e4gt es mich in das Designer Outlet Parndorf, nicht weit weg von Wien, um meinen Kleiderschrank wieder ein wenig aufzufrischen. Der Sommer neigt sich ja dem Ende zu, dh die kurzen Hosen m\u00fcssen jetzt mal wegger\u00e4umt werden und das Herbst und Winterzeugs rausgekrammt werden. Und gerade auf einem Mode Blog gelesen, dass Schwarz im heurigen Herbst \/ Winter richtig angesagt wird, genauer gesagt schwarze Jeanshosen. Und da ich nicht mal eine einzige schwarze Jeans habe, war die Mission schnell klar, dass ich mir in Parndorf dringenst eine besorgen muss! Und keine Sorge, schwarze Jeans funktionieren auch super mit der bisherigen blauen Jeansmode!<\/p>\n<blockquote><p>Zudem sollte auch gesagt sein, dass alle Denim Looks, die ihr mit blauen Jeans herstellen k\u00f6nnt, auch mit schwarzen Jeans funktionieren. Zugegebenerma\u00dfen sehen die Looks mit schwarzen Jeans immer ein wenig edler aus, sie k\u00f6nnen aber auch in die rockige Richtung gehen. Vor allem dann, wenn ihr Destroyed Jeans zu Bandshirts oder Karohemden kombiniert.<br \/>\n<strong>Quelle:<\/strong> <a href=\"https:\/\/www.modeschrei.de\/schwarze-jeanshosen-black-denim\/\" rel=\"noopener\" target=\"_blank\">https:\/\/www.modeschrei.de\/schwarze-jeanshosen-black-denim\/<\/a><\/p><\/blockquote>\n<p>In Parndorf hiess es erstmal, sich durch unz\u00e4hlige Gesch\u00e4fte k\u00e4mpfen, ehe ich dann beim Mustang Outlet endlich eine passende und wirklich coole schwarze Jeanshose ergattern konnte!<\/p>\n<p><img loading=\"lazy\" decoding=\"async\" src=\"http:\/\/www.scheibmaier.at\/wp-content\/uploads\/171023-parndorf-shopping-3.jpg\" alt=\"\" width=\"670\" height=\"500\" class=\"alignnone size-full wp-image-603\" srcset=\"http:\/\/www.scheibmaier.at\/wp-content\/uploads\/171023-parndorf-shopping-3.jpg 670w, http:\/\/www.scheibmaier.at\/wp-content\/uploads\/171023-parndorf-shopping-3-300x224.jpg 300w\" sizes=\"auto, (max-width: 670px) 100vw, 670px\" \/><\/p>\n<p><img loading=\"lazy\" decoding=\"async\" src=\"http:\/\/www.scheibmaier.at\/wp-content\/uploads\/171023-parndorf-shopping-4.jpg\" alt=\"\" width=\"670\" height=\"500\" class=\"alignnone size-full wp-image-604\" srcset=\"http:\/\/www.scheibmaier.at\/wp-content\/uploads\/171023-parndorf-shopping-4.jpg 670w, http:\/\/www.scheibmaier.at\/wp-content\/uploads\/171023-parndorf-shopping-4-300x224.jpg 300w\" sizes=\"auto, (max-width: 670px) 100vw, 670px\" \/><\/p>\n<p><img loading=\"lazy\" decoding=\"async\" src=\"http:\/\/www.scheibmaier.at\/wp-content\/uploads\/171023-parndorf-shopping-2.jpg\" alt=\"\" width=\"670\" height=\"500\" class=\"alignnone size-full wp-image-605\" srcset=\"http:\/\/www.scheibmaier.at\/wp-content\/uploads\/171023-parndorf-shopping-2.jpg 670w, http:\/\/www.scheibmaier.at\/wp-content\/uploads\/171023-parndorf-shopping-2-300x224.jpg 300w\" sizes=\"auto, (max-width: 670px) 100vw, 670px\" \/><\/p>\n<p><img loading=\"lazy\" decoding=\"async\" src=\"http:\/\/www.scheibmaier.at\/wp-content\/uploads\/171023-parndorf-shopping-1.jpg\" alt=\"\" width=\"670\" height=\"500\" class=\"alignnone size-full wp-image-606\" srcset=\"http:\/\/www.scheibmaier.at\/wp-content\/uploads\/171023-parndorf-shopping-1.jpg 670w, http:\/\/www.scheibmaier.at\/wp-content\/uploads\/171023-parndorf-shopping-1-300x224.jpg 300w\" sizes=\"auto, (max-width: 670px) 100vw, 670px\" \/><\/p>\n<p>Jetzt mit 3 neuen Jeans (zwei in schwarz, eine wieder in blau) bin ich f\u00fcr diese Herbst \/ Winter Saison gewappnet und muss <a href=\"http:\/\/www.scheibmaier.at\/?p=579\" rel=\"noopener\" target=\"_blank\">mir meine alten Jeans nicht mehr von der Mama reparieren lassen<\/a> \ud83d\ude00 Nachdem ich knapp 1000 Euro in Parndorf ausgegeben habe, hoffe ich, dass ich mal f\u00fcr die n\u00e4chsten 6 Monate nichts mehr einkaufen gehen muss! Bis zum n\u00e4chsten Sommer dann..<\/p>\n","protected":false},"excerpt":{"rendered":"<p>Alle zwei Jahre mal verschl\u00e4gt es mich in das Designer Outlet Parndorf, nicht weit weg von Wien, um meinen Kleiderschrank wieder ein wenig aufzufrischen. Der Sommer neigt sich ja dem Ende zu, dh die kurzen Hosen m\u00fcssen jetzt mal wegger\u00e4umt werden und das Herbst und Winterzeugs rausgekrammt werden. Und gerade auf einem Mode Blog gelesen, [&hellip;]<\/p>\n","protected":false},"author":1,"featured_media":0,"comment_status":"open","ping_status":"open","sticky":false,"template":"","format":"standard","meta":{"footnotes":""},"categories":[1,6],"tags":[],"class_list":["post-602","post","type-post","status-publish","format-standard","hentry","category-allgemein","category-privates"],"_links":{"self":[{"href":"http:\/\/www.scheibmaier.at\/index.php?rest_route=\/wp\/v2\/posts\/602","targetHints":{"allow":["GET"]}}],"collection":[{"href":"http:\/\/www.scheibmaier.at\/index.php?rest_route=\/wp\/v2\/posts"}],"about":[{"href":"http:\/\/www.scheibmaier.at\/index.php?rest_route=\/wp\/v2\/types\/post"}],"author":[{"embeddable":true,"href":"http:\/\/www.scheibmaier.at\/index.php?rest_route=\/wp\/v2\/users\/1"}],"replies":[{"embeddable":true,"href":"http:\/\/www.scheibmaier.at\/index.php?rest_route=%2Fwp%2Fv2%2Fcomments&post=602"}],"version-history":[{"count":1,"href":"http:\/\/www.scheibmaier.at\/index.php?rest_route=\/wp\/v2\/posts\/602\/revisions"}],"predecessor-version":[{"id":607,"href":"http:\/\/www.scheibmaier.at\/index.php?rest_route=\/wp\/v2\/posts\/602\/revisions\/607"}],"wp:attachment":[{"href":"http:\/\/www.scheibmaier.at\/index.php?rest_route=%2Fwp%2Fv2%2Fmedia&parent=602"}],"wp:term":[{"taxonomy":"category","embeddable":true,"href":"http:\/\/www.scheibmaier.at\/index.php?rest_route=%2Fwp%2Fv2%2Fcategories&post=602"},{"taxonomy":"post_tag","embeddable":true,"href":"http:\/\/www.scheibmaier.at\/index.php?rest_route=%2Fwp%2Fv2%2Ftags&post=602"}],"curies":[{"name":"wp","href":"https:\/\/api.w.org\/{rel}","templated":true}]}}